{"id":3700,"date":"2019-03-16T18:03:18","date_gmt":"2019-03-16T17:03:18","guid":{"rendered":"http:\/\/papyrc.com\/?p=3700"},"modified":"2019-03-16T21:38:56","modified_gmt":"2019-03-16T20:38:56","slug":"drone-days-2019-le-salon-de-bruxelles-epicfail","status":"publish","type":"post","link":"https:\/\/homelab.be\/index.php\/2019\/03\/16\/drone-days-2019-le-salon-de-bruxelles-epicfail\/","title":{"rendered":"Drone Days 2019 &#8211; Epic Fail"},"content":{"rendered":"\n<p>Je me suis rendu pour vous, ce samedi 16 mars, au salon annuel du drone de Bruxelles, le nomm\u00e9 \u00ab\u00a0drone days\u00a0\u00bb, organis\u00e9 pour cette ann\u00e9e 2019 \u00e0 Bruxelles Expo au palais 4. <br>Jusqu&rsquo;\u00e0 pr\u00e9sent je m&rsquo;y suis rendu chaque ann\u00e9e, except\u00e9 l&rsquo;ann\u00e9e derni\u00e8re, pour essayer de d\u00e9couvrir les derni\u00e8res nouveaut\u00e9s, tendances et machines du moment.<br>Except\u00e9 l&rsquo;an un (et encore), premi\u00e8re \u00e9dition du salon, apr\u00e8s chaque visite je d\u00e9chantais m\u00e9chamment et promettais de ne plus jamais y mettre les pieds tant \u00e9tait immense ma d\u00e9ception.<br>Je n&rsquo;ai pas pu r\u00e9sister et m&rsquo;y suis rendu pour vous une nouvelle fois.<br>Qu&rsquo;en sera t il donc cette ann\u00e9e !? myst\u00e8\u00e8\u00e8\u00e8\u00e8re ou mis\u00e8\u00e8\u00e8\u00e8\u00e8re?<\/p>\n\n\n\n<p>J&rsquo;ai pris mon petit baluchon avec mon pique-nique, l&rsquo;ai jet\u00e9 au fond de la voiture, me suis lanc\u00e9 \u00e0 pleine vitesse sur l&rsquo;autoroute (120km\/h c&rsquo;est d\u00e9j\u00e0 bien avec les nids de poules et les radars de vitesse) et ai parcouru les 62km qui me s\u00e9parait de ce cher et tendre salon.<br>Redirig\u00e9 directement sur le parking en suivant le marquage du hall des expositions, BAM\u2026! 10\u20ac dans les dents pour se garer sur un bout d&rsquo;asphalte d\u00e9grad\u00e9.<br>\u00c7a fait mal mais bon, c&rsquo;est Bruxelles expo qu&rsquo;il faut bl\u00e2mer\u2026<br>Je suis sorti de la voiture fier comme un paon, excit\u00e9 comme une jeune jouvencelle et ai march\u00e9\u2026 march\u00e9.. march\u00e9 jusqu&rsquo;\u00e0 trouver l&rsquo;entr\u00e9e du salon (qui \u00e9tait bien balis\u00e9e via un tra\u00e7age au sol); si vous vous y rendez c&rsquo;est route 4 ou hall 4.<br>Arriv\u00e9 devant l&rsquo;entr\u00e9e, j&rsquo;entrevois un drone \u00ab\u00a0hunter\u00a0\u00bb de l&rsquo;arm\u00e9e et sa cabine de contr\u00f4le\u2026 MiaM!!!<\/p>\n\n\n\n<figure class=\"wp-block-image\"><a href=\"http:\/\/papyrc.com\/wp-content\/uploads\/2019\/03\/Drone_days_2019_0.jpg\"><img loading=\"lazy\" decoding=\"async\" width=\"1024\" height=\"576\" src=\"http:\/\/papyrc.com\/wp-content\/uploads\/2019\/03\/Drone_days_2019_0-1024x576.jpg\" alt=\"\" class=\"wp-image-3704\" srcset=\"https:\/\/homelab.be\/wp-content\/uploads\/2019\/03\/Drone_days_2019_0-1024x576.jpg 1024w, https:\/\/homelab.be\/wp-content\/uploads\/2019\/03\/Drone_days_2019_0-300x169.jpg 300w, https:\/\/homelab.be\/wp-content\/uploads\/2019\/03\/Drone_days_2019_0-768x432.jpg 768w, https:\/\/homelab.be\/wp-content\/uploads\/2019\/03\/Drone_days_2019_0.jpg 1920w\" sizes=\"auto, (max-width: 1024px) 100vw, 1024px\" \/><\/a><\/figure>\n\n\n\n<p>Je fais la file tout excit\u00e9 pour recevoir mon ticket d&rsquo;entr\u00e9e; Seulement deux personnes devant moi arriv\u00e9es en m\u00eame temps, bizarrement \u00e7a ne se pousse pas aux portillons\u2026<br><br>Re BAM\u2026 10\u20ac dans ma tronche pour l&rsquo;entr\u00e9e\u2026 soit\u2026 je d\u00e9gaine mon entr\u00e9e VIP pour avoir le full acc\u00e8s aux stands (ouais non je me la p\u00e8te, mais c&rsquo;est juste un ticket d&rsquo;entr\u00e9e gratuite que j&rsquo;ai r\u00e9ussi \u00e0 gagner, je ne suis pas fou au point de payer pour \u00e7a) et ce s\u00e9same me donne l&rsquo;acc\u00e8s au tant convoit\u00e9 et tr\u00e8s recherch\u00e9 salon \u00ab\u00a0Drone days\u00a0\u00bb.<br>Je regarde vite fait le drone de l&rsquo;arm\u00e9e et son poste de pilotage qui attire toute les convoitise. <br>&#8230; Mouais, en soi le drone est sympa car on ne voit pas \u00e7a \u00e0 sa porte tous les jours, mais la cabine de pilotage est digne d&rsquo;un film des ann\u00e9es 70-80.. j&rsquo;ai mieux dans mon labo ! &#8230;<\/p>\n\n\n\n<figure class=\"wp-block-image\"><a href=\"http:\/\/papyrc.com\/wp-content\/uploads\/2019\/03\/Drone_Days_rev-2.jpg\"><img loading=\"lazy\" decoding=\"async\" width=\"228\" height=\"300\" src=\"http:\/\/papyrc.com\/wp-content\/uploads\/2019\/03\/Drone_Days_rev-2-228x300.jpg\" alt=\"\" class=\"wp-image-3720\" srcset=\"https:\/\/homelab.be\/wp-content\/uploads\/2019\/03\/Drone_Days_rev-2-228x300.jpg 228w, https:\/\/homelab.be\/wp-content\/uploads\/2019\/03\/Drone_Days_rev-2-768x1010.jpg 768w, https:\/\/homelab.be\/wp-content\/uploads\/2019\/03\/Drone_Days_rev-2-779x1024.jpg 779w, https:\/\/homelab.be\/wp-content\/uploads\/2019\/03\/Drone_Days_rev-2.jpg 1080w\" sizes=\"auto, (max-width: 228px) 100vw, 228px\" \/><\/a><\/figure>\n\n\n\n<p>Et je me lance plein pot \u00e0 la recherche des innovations et derni\u00e8res inventions &#8211;&gt; Je cherche encore !<br>Premier stand: un magasin; Sur les tables sont pr\u00e9sent\u00e9s les dji et yuneec que l&rsquo;on croise partout. <\/p>\n\n\n\n<figure class=\"wp-block-image\"><a href=\"http:\/\/papyrc.com\/wp-content\/uploads\/2019\/03\/Drone_days_2019_6.jpg\"><img loading=\"lazy\" decoding=\"async\" width=\"1024\" height=\"576\" src=\"http:\/\/papyrc.com\/wp-content\/uploads\/2019\/03\/Drone_days_2019_6-1024x576.jpg\" alt=\"\" class=\"wp-image-3706\" srcset=\"https:\/\/homelab.be\/wp-content\/uploads\/2019\/03\/Drone_days_2019_6-1024x576.jpg 1024w, https:\/\/homelab.be\/wp-content\/uploads\/2019\/03\/Drone_days_2019_6-300x169.jpg 300w, https:\/\/homelab.be\/wp-content\/uploads\/2019\/03\/Drone_days_2019_6-768x432.jpg 768w, https:\/\/homelab.be\/wp-content\/uploads\/2019\/03\/Drone_days_2019_6.jpg 1920w\" sizes=\"auto, (max-width: 1024px) 100vw, 1024px\" \/><\/a><\/figure>\n\n\n\n<p>Je fais ensuite rapidement le tour des 15 petits stands de l&rsquo;all\u00e9e principale, dans laquelle on croise parfois un visiteur \u00e9gar\u00e9.<br>Entre les 2 pell\u00e9s qui offrent des service ou la prise de photos, les stands qui ont perdus leur repr\u00e9sentant (qu&rsquo;on retrouvera surement recroquevill\u00e9 et pleurant dans un coin) et ceux pour lesquels on ne sait pas ce qu&rsquo;ils offrent.. C&rsquo;est assez minable! <\/p>\n\n\n\n<figure class=\"wp-block-image\"><a href=\"http:\/\/papyrc.com\/wp-content\/uploads\/2019\/03\/Drone_days_2019_4.jpg\"><img loading=\"lazy\" decoding=\"async\" width=\"1024\" height=\"576\" src=\"http:\/\/papyrc.com\/wp-content\/uploads\/2019\/03\/Drone_days_2019_4-1024x576.jpg\" alt=\"\" class=\"wp-image-3707\" srcset=\"https:\/\/homelab.be\/wp-content\/uploads\/2019\/03\/Drone_days_2019_4-1024x576.jpg 1024w, https:\/\/homelab.be\/wp-content\/uploads\/2019\/03\/Drone_days_2019_4-300x169.jpg 300w, https:\/\/homelab.be\/wp-content\/uploads\/2019\/03\/Drone_days_2019_4-768x432.jpg 768w, https:\/\/homelab.be\/wp-content\/uploads\/2019\/03\/Drone_days_2019_4.jpg 1920w\" sizes=\"auto, (max-width: 1024px) 100vw, 1024px\" \/><\/a><\/figure>\n\n\n\n<p>Vite, trouvons l&rsquo;all\u00e9e num\u00e9ro 2 !!!<br>D\u00e9ception\u2026 Il n&rsquo;y a pas d&rsquo;all\u00e9e 2! <br>Juste un \u00e9nooorme stand en plein milieu, lui aussi vide de visiteurs, qui repr\u00e9sente les services offerts par celui qui a cr\u00e9\u00e9 le salon (stand b\u00e2ti \u00e0 la d\u00e9mesure de son \u00e9go) .<br><\/p>\n\n\n\n<figure class=\"wp-block-image\"><a href=\"http:\/\/papyrc.com\/wp-content\/uploads\/2019\/03\/Drone_days_2019_1.jpg\"><img loading=\"lazy\" decoding=\"async\" width=\"1024\" height=\"576\" src=\"http:\/\/papyrc.com\/wp-content\/uploads\/2019\/03\/Drone_days_2019_1-1024x576.jpg\" alt=\"\" class=\"wp-image-3702\" srcset=\"https:\/\/homelab.be\/wp-content\/uploads\/2019\/03\/Drone_days_2019_1-1024x576.jpg 1024w, https:\/\/homelab.be\/wp-content\/uploads\/2019\/03\/Drone_days_2019_1-300x169.jpg 300w, https:\/\/homelab.be\/wp-content\/uploads\/2019\/03\/Drone_days_2019_1-768x432.jpg 768w, https:\/\/homelab.be\/wp-content\/uploads\/2019\/03\/Drone_days_2019_1.jpg 1920w\" sizes=\"auto, (max-width: 1024px) 100vw, 1024px\" \/><\/a><\/figure>\n\n\n\n<p>Ainsi qu&rsquo;une \u00e9nooorme voli\u00e8re, qui prend la moiti\u00e9 restante de l&rsquo;espace du salon \u00ab\u00a0drone days\u00a0\u00bb, dans laquelle une petite \u00e9quipe de pilotes chevronn\u00e9s s\u2019attellent \u00e0 faire des d\u00e9monstrations en vol de micro drones en immersion.<br>Dans cette voli\u00e8re, le publique peut s&rsquo;essayer au fpv en double commande (un instructeur poss\u00e9dant aussi une radio rattrape les erreurs) mais l\u00e0 encore, malgr\u00e9 le dynamisme des instructeurs, le publique ne fait pas file contrairement aux ann\u00e9es pr\u00e9c\u00e9dentes.<\/p>\n\n\n\n<figure class=\"wp-block-image\"><a href=\"http:\/\/papyrc.com\/wp-content\/uploads\/2019\/03\/Drone_Days_rev-1.jpg\"><img loading=\"lazy\" decoding=\"async\" width=\"169\" height=\"300\" src=\"http:\/\/papyrc.com\/wp-content\/uploads\/2019\/03\/Drone_Days_rev-1-169x300.jpg\" alt=\"\" class=\"wp-image-3719\" srcset=\"https:\/\/homelab.be\/wp-content\/uploads\/2019\/03\/Drone_Days_rev-1-169x300.jpg 169w, https:\/\/homelab.be\/wp-content\/uploads\/2019\/03\/Drone_Days_rev-1-768x1365.jpg 768w, https:\/\/homelab.be\/wp-content\/uploads\/2019\/03\/Drone_Days_rev-1-576x1024.jpg 576w, https:\/\/homelab.be\/wp-content\/uploads\/2019\/03\/Drone_Days_rev-1.jpg 1080w\" sizes=\"auto, (max-width: 169px) 100vw, 169px\" \/><\/a><\/figure>\n\n\n\n<p>Pendant ce temps, le petit magasin qui tient un stand juste a cot\u00e9 de la voli\u00e8re, s&rsquo;amuse a faire voler un drone jouet au dessus du publique.<br>En s&rsquo;\u00e9crasant parfois entre les gens.. c&rsquo;est moyen niveau s\u00e9curit\u00e9 quand m\u00eame !!! et VIVE l&rsquo;exemple !!!<\/p>\n\n\n\n<figure class=\"wp-block-image\"><a href=\"http:\/\/papyrc.com\/wp-content\/uploads\/2019\/03\/Drone_days_2019_5.jpg\"><img loading=\"lazy\" decoding=\"async\" width=\"1024\" height=\"576\" src=\"http:\/\/papyrc.com\/wp-content\/uploads\/2019\/03\/Drone_days_2019_5-1024x576.jpg\" alt=\"\" class=\"wp-image-3703\" srcset=\"https:\/\/homelab.be\/wp-content\/uploads\/2019\/03\/Drone_days_2019_5-1024x576.jpg 1024w, https:\/\/homelab.be\/wp-content\/uploads\/2019\/03\/Drone_days_2019_5-300x169.jpg 300w, https:\/\/homelab.be\/wp-content\/uploads\/2019\/03\/Drone_days_2019_5-768x432.jpg 768w, https:\/\/homelab.be\/wp-content\/uploads\/2019\/03\/Drone_days_2019_5.jpg 1920w\" sizes=\"auto, (max-width: 1024px) 100vw, 1024px\" \/><\/a><\/figure>\n\n\n\n<p>Voil\u00e0 le tour est fait\u2026 heureusement l&rsquo;entr\u00e9e donne aussi acc\u00e8s au salon de la photo, salon dans lequel vous pourrez voir ce que les grandes marques de ce secteur offrent.<br>Du gros t\u00e9l\u00e9-objectif, au compact professionnel, en passant par les tr\u00e9pieds, steadycam et autres, vous pourrez fl\u00e2ner et regarder quelques jolies photos affich\u00e9es sur les murs\u2026<br>C&rsquo;est quand m\u00eame plus charmant qu&rsquo;un tour chez mediamarkt qui offrent le m\u00eame mat\u00e9riel mais sans les jolies photos aux murs.<\/p>\n\n\n\n<figure class=\"wp-block-image\"><a href=\"http:\/\/papyrc.com\/wp-content\/uploads\/2019\/03\/Drone_Days_rev-3.jpg\"><img loading=\"lazy\" decoding=\"async\" width=\"995\" height=\"1024\" src=\"http:\/\/papyrc.com\/wp-content\/uploads\/2019\/03\/Drone_Days_rev-3-995x1024.jpg\" alt=\"\" class=\"wp-image-3718\" srcset=\"https:\/\/homelab.be\/wp-content\/uploads\/2019\/03\/Drone_Days_rev-3-995x1024.jpg 995w, https:\/\/homelab.be\/wp-content\/uploads\/2019\/03\/Drone_Days_rev-3-291x300.jpg 291w, https:\/\/homelab.be\/wp-content\/uploads\/2019\/03\/Drone_Days_rev-3-768x791.jpg 768w, https:\/\/homelab.be\/wp-content\/uploads\/2019\/03\/Drone_Days_rev-3.jpg 1080w\" sizes=\"auto, (max-width: 995px) 100vw, 995px\" \/><\/a><\/figure>\n\n\n\n<p>Tellement perdu dans tout cet espace que j&rsquo;ai m\u00eame trouv\u00e9 un compagnon.<\/p>\n\n\n\n<figure class=\"wp-block-image\"><a href=\"http:\/\/papyrc.com\/wp-content\/uploads\/2019\/03\/Drone_days_Deadpool.jpg\"><img loading=\"lazy\" decoding=\"async\" width=\"169\" height=\"300\" src=\"http:\/\/papyrc.com\/wp-content\/uploads\/2019\/03\/Drone_days_Deadpool-169x300.jpg\" alt=\"\" class=\"wp-image-3721\" srcset=\"https:\/\/homelab.be\/wp-content\/uploads\/2019\/03\/Drone_days_Deadpool-169x300.jpg 169w, https:\/\/homelab.be\/wp-content\/uploads\/2019\/03\/Drone_days_Deadpool-768x1365.jpg 768w, https:\/\/homelab.be\/wp-content\/uploads\/2019\/03\/Drone_days_Deadpool-576x1024.jpg 576w, https:\/\/homelab.be\/wp-content\/uploads\/2019\/03\/Drone_days_Deadpool.jpg 1080w\" sizes=\"auto, (max-width: 169px) 100vw, 169px\" \/><\/a><\/figure>\n\n\n\n<p>Bref, si vous voulez perdre une heure ou deux de votre temps de vie, \u00eatre d\u00e9pouill\u00e9 de 20\u20ac et ne rien connaitre en plus de ce que vous ne savez d\u00e9j\u00e0, je vous invite \u00e0 visiter le salon du drone 2019 \u00e0 Bruxelles expo\u2026 ou pas !<\/p>\n\n\n\n<p>A bon entendeur,<\/p>\n","protected":false},"excerpt":{"rendered":"<p>Je me suis rendu pour vous, ce samedi 16 mars, au salon annuel du drone de Bruxelles, le nomm\u00e9 \u00ab\u00a0drone days\u00a0\u00bb, organis\u00e9 pour cette ann\u00e9e 2019 \u00e0 Bruxelles Expo au palais 4. Jusqu&rsquo;\u00e0 pr\u00e9sent je m&rsquo;y suis rendu chaque ann\u00e9e, except\u00e9 l&rsquo;ann\u00e9e derni\u00e8re, pour essayer de d\u00e9couvrir les derni\u00e8res nouveaut\u00e9s, tendances et machines du moment.Except\u00e9 [&hellip;]<\/p>\n","protected":false},"author":1,"featured_media":3717,"comment_status":"open","ping_status":"open","sticky":false,"template":"","format":"standard","meta":{"footnotes":""},"categories":[1],"tags":[450,224,200,328,449,12,448,451],"class_list":{"0":"post-3700","1":"post","2":"type-post","3":"status-publish","4":"format-standard","5":"has-post-thumbnail","7":"category-informations","8":"tag-450","9":"tag-dji","10":"tag-drone-days","11":"tag-drones","12":"tag-expo","13":"tag-fpv","14":"tag-salon","15":"tag-yuneec","16":"czr-hentry"},"yoast_head":"<!-- This site is optimized with the Yoast SEO plugin v27.5 - https:\/\/yoast.com\/product\/yoast-seo-wordpress\/ -->\n<title>Drone Days 2019 - Epic Fail - HomeLab<\/title>\n<meta name=\"description\" content=\"J&#039;ai visit\u00e9 pour vous le salon &quot;Drone Days 2019&quot; qui se d\u00e9roule au palais 4 de Bruxelles EXPO. Pas besoin de vous y rendre, je vous ai fait le tour !\" \/>\n<meta name=\"robots\" content=\"index, follow, max-snippet:-1, max-image-preview:large, max-video-preview:-1\" \/>\n<link rel=\"canonical\" href=\"https:\/\/homelab.be\/index.php\/2019\/03\/16\/drone-days-2019-le-salon-de-bruxelles-epicfail\/\" \/>\n<meta property=\"og:locale\" content=\"fr_FR\" \/>\n<meta property=\"og:type\" content=\"article\" \/>\n<meta property=\"og:title\" content=\"Drone Days 2019 - Epic Fail - HomeLab\" \/>\n<meta property=\"og:description\" content=\"J&#039;ai visit\u00e9 pour vous le salon &quot;Drone Days 2019&quot; qui se d\u00e9roule au palais 4 de Bruxelles EXPO. Pas besoin de vous y rendre, je vous ai fait le tour !\" \/>\n<meta property=\"og:url\" content=\"https:\/\/homelab.be\/index.php\/2019\/03\/16\/drone-days-2019-le-salon-de-bruxelles-epicfail\/\" \/>\n<meta property=\"og:site_name\" content=\"HomeLab\" \/>\n<meta property=\"article:published_time\" content=\"2019-03-16T17:03:18+00:00\" \/>\n<meta property=\"article:modified_time\" content=\"2019-03-16T20:38:56+00:00\" \/>\n<meta property=\"og:image\" content=\"https:\/\/homelab.be\/wp-content\/uploads\/2019\/03\/Drone_Days_2019_Cover.jpg\" \/>\n\t<meta property=\"og:image:width\" content=\"1920\" \/>\n\t<meta property=\"og:image:height\" content=\"1080\" \/>\n\t<meta property=\"og:image:type\" content=\"image\/jpeg\" \/>\n<meta name=\"author\" content=\"PapyRc\" \/>\n<meta name=\"twitter:card\" content=\"summary_large_image\" \/>\n<meta name=\"twitter:label1\" content=\"\u00c9crit par\" \/>\n\t<meta name=\"twitter:data1\" content=\"PapyRc\" \/>\n\t<meta name=\"twitter:label2\" content=\"Dur\u00e9e de lecture estim\u00e9e\" \/>\n\t<meta name=\"twitter:data2\" content=\"4 minutes\" \/>\n<script type=\"application\/ld+json\" class=\"yoast-schema-graph\">{\"@context\":\"https:\\\/\\\/schema.org\",\"@graph\":[{\"@type\":\"Article\",\"@id\":\"https:\\\/\\\/homelab.be\\\/index.php\\\/2019\\\/03\\\/16\\\/drone-days-2019-le-salon-de-bruxelles-epicfail\\\/#article\",\"isPartOf\":{\"@id\":\"https:\\\/\\\/homelab.be\\\/index.php\\\/2019\\\/03\\\/16\\\/drone-days-2019-le-salon-de-bruxelles-epicfail\\\/\"},\"author\":{\"name\":\"PapyRc\",\"@id\":\"https:\\\/\\\/homelab.be\\\/#\\\/schema\\\/person\\\/344932b26cc0d8818e08605c7d9cef06\"},\"headline\":\"Drone Days 2019 &#8211; Epic Fail\",\"datePublished\":\"2019-03-16T17:03:18+00:00\",\"dateModified\":\"2019-03-16T20:38:56+00:00\",\"mainEntityOfPage\":{\"@id\":\"https:\\\/\\\/homelab.be\\\/index.php\\\/2019\\\/03\\\/16\\\/drone-days-2019-le-salon-de-bruxelles-epicfail\\\/\"},\"wordCount\":912,\"commentCount\":3,\"publisher\":{\"@id\":\"https:\\\/\\\/homelab.be\\\/#\\\/schema\\\/person\\\/344932b26cc0d8818e08605c7d9cef06\"},\"image\":{\"@id\":\"https:\\\/\\\/homelab.be\\\/index.php\\\/2019\\\/03\\\/16\\\/drone-days-2019-le-salon-de-bruxelles-epicfail\\\/#primaryimage\"},\"thumbnailUrl\":\"https:\\\/\\\/homelab.be\\\/wp-content\\\/uploads\\\/2019\\\/03\\\/Drone_Days_2019_Cover.jpg\",\"keywords\":[\"2019\",\"DJI\",\"drone days\",\"drones\",\"expo\",\"fpv\",\"salon\",\"yuneec\"],\"articleSection\":[\"Informations\"],\"inLanguage\":\"fr-FR\",\"potentialAction\":[{\"@type\":\"CommentAction\",\"name\":\"Comment\",\"target\":[\"https:\\\/\\\/homelab.be\\\/index.php\\\/2019\\\/03\\\/16\\\/drone-days-2019-le-salon-de-bruxelles-epicfail\\\/#respond\"]}]},{\"@type\":\"WebPage\",\"@id\":\"https:\\\/\\\/homelab.be\\\/index.php\\\/2019\\\/03\\\/16\\\/drone-days-2019-le-salon-de-bruxelles-epicfail\\\/\",\"url\":\"https:\\\/\\\/homelab.be\\\/index.php\\\/2019\\\/03\\\/16\\\/drone-days-2019-le-salon-de-bruxelles-epicfail\\\/\",\"name\":\"Drone Days 2019 - Epic Fail - HomeLab\",\"isPartOf\":{\"@id\":\"https:\\\/\\\/homelab.be\\\/#website\"},\"primaryImageOfPage\":{\"@id\":\"https:\\\/\\\/homelab.be\\\/index.php\\\/2019\\\/03\\\/16\\\/drone-days-2019-le-salon-de-bruxelles-epicfail\\\/#primaryimage\"},\"image\":{\"@id\":\"https:\\\/\\\/homelab.be\\\/index.php\\\/2019\\\/03\\\/16\\\/drone-days-2019-le-salon-de-bruxelles-epicfail\\\/#primaryimage\"},\"thumbnailUrl\":\"https:\\\/\\\/homelab.be\\\/wp-content\\\/uploads\\\/2019\\\/03\\\/Drone_Days_2019_Cover.jpg\",\"datePublished\":\"2019-03-16T17:03:18+00:00\",\"dateModified\":\"2019-03-16T20:38:56+00:00\",\"description\":\"J'ai visit\u00e9 pour vous le salon \\\"Drone Days 2019\\\" qui se d\u00e9roule au palais 4 de Bruxelles EXPO. Pas besoin de vous y rendre, je vous ai fait le tour !\",\"breadcrumb\":{\"@id\":\"https:\\\/\\\/homelab.be\\\/index.php\\\/2019\\\/03\\\/16\\\/drone-days-2019-le-salon-de-bruxelles-epicfail\\\/#breadcrumb\"},\"inLanguage\":\"fr-FR\",\"potentialAction\":[{\"@type\":\"ReadAction\",\"target\":[\"https:\\\/\\\/homelab.be\\\/index.php\\\/2019\\\/03\\\/16\\\/drone-days-2019-le-salon-de-bruxelles-epicfail\\\/\"]}]},{\"@type\":\"ImageObject\",\"inLanguage\":\"fr-FR\",\"@id\":\"https:\\\/\\\/homelab.be\\\/index.php\\\/2019\\\/03\\\/16\\\/drone-days-2019-le-salon-de-bruxelles-epicfail\\\/#primaryimage\",\"url\":\"https:\\\/\\\/homelab.be\\\/wp-content\\\/uploads\\\/2019\\\/03\\\/Drone_Days_2019_Cover.jpg\",\"contentUrl\":\"https:\\\/\\\/homelab.be\\\/wp-content\\\/uploads\\\/2019\\\/03\\\/Drone_Days_2019_Cover.jpg\",\"width\":1920,\"height\":1080},{\"@type\":\"BreadcrumbList\",\"@id\":\"https:\\\/\\\/homelab.be\\\/index.php\\\/2019\\\/03\\\/16\\\/drone-days-2019-le-salon-de-bruxelles-epicfail\\\/#breadcrumb\",\"itemListElement\":[{\"@type\":\"ListItem\",\"position\":1,\"name\":\"Accueil\",\"item\":\"https:\\\/\\\/homelab.be\\\/\"},{\"@type\":\"ListItem\",\"position\":2,\"name\":\"Drone Days 2019 &#8211; Epic Fail\"}]},{\"@type\":\"WebSite\",\"@id\":\"https:\\\/\\\/homelab.be\\\/#website\",\"url\":\"https:\\\/\\\/homelab.be\\\/\",\"name\":\"HomeLab\",\"description\":\"Un Labo dans la maison\",\"publisher\":{\"@id\":\"https:\\\/\\\/homelab.be\\\/#\\\/schema\\\/person\\\/344932b26cc0d8818e08605c7d9cef06\"},\"potentialAction\":[{\"@type\":\"SearchAction\",\"target\":{\"@type\":\"EntryPoint\",\"urlTemplate\":\"https:\\\/\\\/homelab.be\\\/?s={search_term_string}\"},\"query-input\":{\"@type\":\"PropertyValueSpecification\",\"valueRequired\":true,\"valueName\":\"search_term_string\"}}],\"inLanguage\":\"fr-FR\"},{\"@type\":[\"Person\",\"Organization\"],\"@id\":\"https:\\\/\\\/homelab.be\\\/#\\\/schema\\\/person\\\/344932b26cc0d8818e08605c7d9cef06\",\"name\":\"PapyRc\",\"image\":{\"@type\":\"ImageObject\",\"inLanguage\":\"fr-FR\",\"@id\":\"https:\\\/\\\/homelab.be\\\/wp-content\\\/uploads\\\/2019\\\/10\\\/cropped-homelab-logo.png\",\"url\":\"https:\\\/\\\/homelab.be\\\/wp-content\\\/uploads\\\/2019\\\/10\\\/cropped-homelab-logo.png\",\"contentUrl\":\"https:\\\/\\\/homelab.be\\\/wp-content\\\/uploads\\\/2019\\\/10\\\/cropped-homelab-logo.png\",\"width\":250,\"height\":100,\"caption\":\"PapyRc\"},\"logo\":{\"@id\":\"https:\\\/\\\/homelab.be\\\/wp-content\\\/uploads\\\/2019\\\/10\\\/cropped-homelab-logo.png\"},\"url\":\"https:\\\/\\\/homelab.be\\\/index.php\\\/author\\\/loke-3p\\\/\"}]}<\/script>\n<!-- \/ Yoast SEO plugin. -->","yoast_head_json":{"title":"Drone Days 2019 - Epic Fail - HomeLab","description":"J'ai visit\u00e9 pour vous le salon \"Drone Days 2019\" qui se d\u00e9roule au palais 4 de Bruxelles EXPO. Pas besoin de vous y rendre, je vous ai fait le tour !","robots":{"index":"index","follow":"follow","max-snippet":"max-snippet:-1","max-image-preview":"max-image-preview:large","max-video-preview":"max-video-preview:-1"},"canonical":"https:\/\/homelab.be\/index.php\/2019\/03\/16\/drone-days-2019-le-salon-de-bruxelles-epicfail\/","og_locale":"fr_FR","og_type":"article","og_title":"Drone Days 2019 - Epic Fail - HomeLab","og_description":"J'ai visit\u00e9 pour vous le salon \"Drone Days 2019\" qui se d\u00e9roule au palais 4 de Bruxelles EXPO. Pas besoin de vous y rendre, je vous ai fait le tour !","og_url":"https:\/\/homelab.be\/index.php\/2019\/03\/16\/drone-days-2019-le-salon-de-bruxelles-epicfail\/","og_site_name":"HomeLab","article_published_time":"2019-03-16T17:03:18+00:00","article_modified_time":"2019-03-16T20:38:56+00:00","og_image":[{"width":1920,"height":1080,"url":"https:\/\/homelab.be\/wp-content\/uploads\/2019\/03\/Drone_Days_2019_Cover.jpg","type":"image\/jpeg"}],"author":"PapyRc","twitter_card":"summary_large_image","twitter_misc":{"\u00c9crit par":"PapyRc","Dur\u00e9e de lecture estim\u00e9e":"4 minutes"},"schema":{"@context":"https:\/\/schema.org","@graph":[{"@type":"Article","@id":"https:\/\/homelab.be\/index.php\/2019\/03\/16\/drone-days-2019-le-salon-de-bruxelles-epicfail\/#article","isPartOf":{"@id":"https:\/\/homelab.be\/index.php\/2019\/03\/16\/drone-days-2019-le-salon-de-bruxelles-epicfail\/"},"author":{"name":"PapyRc","@id":"https:\/\/homelab.be\/#\/schema\/person\/344932b26cc0d8818e08605c7d9cef06"},"headline":"Drone Days 2019 &#8211; Epic Fail","datePublished":"2019-03-16T17:03:18+00:00","dateModified":"2019-03-16T20:38:56+00:00","mainEntityOfPage":{"@id":"https:\/\/homelab.be\/index.php\/2019\/03\/16\/drone-days-2019-le-salon-de-bruxelles-epicfail\/"},"wordCount":912,"commentCount":3,"publisher":{"@id":"https:\/\/homelab.be\/#\/schema\/person\/344932b26cc0d8818e08605c7d9cef06"},"image":{"@id":"https:\/\/homelab.be\/index.php\/2019\/03\/16\/drone-days-2019-le-salon-de-bruxelles-epicfail\/#primaryimage"},"thumbnailUrl":"https:\/\/homelab.be\/wp-content\/uploads\/2019\/03\/Drone_Days_2019_Cover.jpg","keywords":["2019","DJI","drone days","drones","expo","fpv","salon","yuneec"],"articleSection":["Informations"],"inLanguage":"fr-FR","potentialAction":[{"@type":"CommentAction","name":"Comment","target":["https:\/\/homelab.be\/index.php\/2019\/03\/16\/drone-days-2019-le-salon-de-bruxelles-epicfail\/#respond"]}]},{"@type":"WebPage","@id":"https:\/\/homelab.be\/index.php\/2019\/03\/16\/drone-days-2019-le-salon-de-bruxelles-epicfail\/","url":"https:\/\/homelab.be\/index.php\/2019\/03\/16\/drone-days-2019-le-salon-de-bruxelles-epicfail\/","name":"Drone Days 2019 - Epic Fail - HomeLab","isPartOf":{"@id":"https:\/\/homelab.be\/#website"},"primaryImageOfPage":{"@id":"https:\/\/homelab.be\/index.php\/2019\/03\/16\/drone-days-2019-le-salon-de-bruxelles-epicfail\/#primaryimage"},"image":{"@id":"https:\/\/homelab.be\/index.php\/2019\/03\/16\/drone-days-2019-le-salon-de-bruxelles-epicfail\/#primaryimage"},"thumbnailUrl":"https:\/\/homelab.be\/wp-content\/uploads\/2019\/03\/Drone_Days_2019_Cover.jpg","datePublished":"2019-03-16T17:03:18+00:00","dateModified":"2019-03-16T20:38:56+00:00","description":"J'ai visit\u00e9 pour vous le salon \"Drone Days 2019\" qui se d\u00e9roule au palais 4 de Bruxelles EXPO. Pas besoin de vous y rendre, je vous ai fait le tour !","breadcrumb":{"@id":"https:\/\/homelab.be\/index.php\/2019\/03\/16\/drone-days-2019-le-salon-de-bruxelles-epicfail\/#breadcrumb"},"inLanguage":"fr-FR","potentialAction":[{"@type":"ReadAction","target":["https:\/\/homelab.be\/index.php\/2019\/03\/16\/drone-days-2019-le-salon-de-bruxelles-epicfail\/"]}]},{"@type":"ImageObject","inLanguage":"fr-FR","@id":"https:\/\/homelab.be\/index.php\/2019\/03\/16\/drone-days-2019-le-salon-de-bruxelles-epicfail\/#primaryimage","url":"https:\/\/homelab.be\/wp-content\/uploads\/2019\/03\/Drone_Days_2019_Cover.jpg","contentUrl":"https:\/\/homelab.be\/wp-content\/uploads\/2019\/03\/Drone_Days_2019_Cover.jpg","width":1920,"height":1080},{"@type":"BreadcrumbList","@id":"https:\/\/homelab.be\/index.php\/2019\/03\/16\/drone-days-2019-le-salon-de-bruxelles-epicfail\/#breadcrumb","itemListElement":[{"@type":"ListItem","position":1,"name":"Accueil","item":"https:\/\/homelab.be\/"},{"@type":"ListItem","position":2,"name":"Drone Days 2019 &#8211; Epic Fail"}]},{"@type":"WebSite","@id":"https:\/\/homelab.be\/#website","url":"https:\/\/homelab.be\/","name":"HomeLab","description":"Un Labo dans la maison","publisher":{"@id":"https:\/\/homelab.be\/#\/schema\/person\/344932b26cc0d8818e08605c7d9cef06"},"potentialAction":[{"@type":"SearchAction","target":{"@type":"EntryPoint","urlTemplate":"https:\/\/homelab.be\/?s={search_term_string}"},"query-input":{"@type":"PropertyValueSpecification","valueRequired":true,"valueName":"search_term_string"}}],"inLanguage":"fr-FR"},{"@type":["Person","Organization"],"@id":"https:\/\/homelab.be\/#\/schema\/person\/344932b26cc0d8818e08605c7d9cef06","name":"PapyRc","image":{"@type":"ImageObject","inLanguage":"fr-FR","@id":"https:\/\/homelab.be\/wp-content\/uploads\/2019\/10\/cropped-homelab-logo.png","url":"https:\/\/homelab.be\/wp-content\/uploads\/2019\/10\/cropped-homelab-logo.png","contentUrl":"https:\/\/homelab.be\/wp-content\/uploads\/2019\/10\/cropped-homelab-logo.png","width":250,"height":100,"caption":"PapyRc"},"logo":{"@id":"https:\/\/homelab.be\/wp-content\/uploads\/2019\/10\/cropped-homelab-logo.png"},"url":"https:\/\/homelab.be\/index.php\/author\/loke-3p\/"}]}},"_links":{"self":[{"href":"https:\/\/homelab.be\/index.php\/wp-json\/wp\/v2\/posts\/3700","targetHints":{"allow":["GET"]}}],"collection":[{"href":"https:\/\/homelab.be\/index.php\/wp-json\/wp\/v2\/posts"}],"about":[{"href":"https:\/\/homelab.be\/index.php\/wp-json\/wp\/v2\/types\/post"}],"author":[{"embeddable":true,"href":"https:\/\/homelab.be\/index.php\/wp-json\/wp\/v2\/users\/1"}],"replies":[{"embeddable":true,"href":"https:\/\/homelab.be\/index.php\/wp-json\/wp\/v2\/comments?post=3700"}],"version-history":[{"count":16,"href":"https:\/\/homelab.be\/index.php\/wp-json\/wp\/v2\/posts\/3700\/revisions"}],"predecessor-version":[{"id":3727,"href":"https:\/\/homelab.be\/index.php\/wp-json\/wp\/v2\/posts\/3700\/revisions\/3727"}],"wp:featuredmedia":[{"embeddable":true,"href":"https:\/\/homelab.be\/index.php\/wp-json\/wp\/v2\/media\/3717"}],"wp:attachment":[{"href":"https:\/\/homelab.be\/index.php\/wp-json\/wp\/v2\/media?parent=3700"}],"wp:term":[{"taxonomy":"category","embeddable":true,"href":"https:\/\/homelab.be\/index.php\/wp-json\/wp\/v2\/categories?post=3700"},{"taxonomy":"post_tag","embeddable":true,"href":"https:\/\/homelab.be\/index.php\/wp-json\/wp\/v2\/tags?post=3700"}],"curies":[{"name":"wp","href":"https:\/\/api.w.org\/{rel}","templated":true}]}}